{"id":7112,"date":"2022-09-22T15:04:14","date_gmt":"2022-09-22T13:04:14","guid":{"rendered":"https:\/\/www.koelnisches-stadtmuseum.de\/?p=7112"},"modified":"2024-03-19T20:44:55","modified_gmt":"2024-03-19T19:44:55","slug":"man-muss-einfach-ein-fan-sein-ueber-ein-ausstellungsprojekt-gemeinsam-mit-den-hoehnern","status":"publish","type":"post","link":"https:\/\/www.koelnisches-stadtmuseum.de\/en\/man-muss-einfach-ein-fan-sein-ueber-ein-ausstellungsprojekt-gemeinsam-mit-den-hoehnern\/","title":{"rendered":"Ein Ausstellungsprojekt gemeinsam mit den H\u00f6hnern"},"content":{"rendered":"\n<p>Wie emotional es dabei teilweise wurde, fasste Frontmann Henning Krautmacher unl\u00e4ngst zusammen: \u201eDie letzten Wochen und Monate waren erf\u00fcllt damit, dass ich immer wieder mit dem Museumsteam unsere Geschichte durchgegangen bin. Wir haben unendliche viele Fotos gew\u00e4lzt, Erinnerungsst\u00fccke rausgesucht \u2013 und dabei viel gelacht, aber auch mal ein Tr\u00e4nchen verdr\u00fcckt. Jedes Mal, wenn ich mir die Ausstellung ansehe, bekomme ich aufs Neue eine G\u00e4nsehaut: Unglaublich, wie viele Aktionen und Projekte wir als H\u00f6hner-Familie gemeinsam durchgestanden haben \u2026 und (lacht) wie jung und schlank wir fr\u00fcher waren.&#8221;<\/p>\n\n\n\n<figure class=\"wp-block-image aligncenter size-large is-resized is-style-default\"><img decoding=\"async\" width=\"1024\" height=\"684\" src=\"https:\/\/www.koelnisches-stadtmuseum.de\/wp-content\/uploads\/2022\/09\/2022-08-30-ConstantinEhrchen-KSM-Hoehner-37-1024x684.jpg\" alt=\"Henning Krautmacher mit Jens Streifling und Heiko Braun (v.r.) in der Ausstellung\" class=\"wp-image-7142\" style=\"width:768px;height:513px\" srcset=\"https:\/\/www.koelnisches-stadtmuseum.de\/wp-content\/uploads\/2022\/09\/2022-08-30-ConstantinEhrchen-KSM-Hoehner-37-1024x684.jpg 1024w, https:\/\/www.koelnisches-stadtmuseum.de\/wp-content\/uploads\/2022\/09\/2022-08-30-ConstantinEhrchen-KSM-Hoehner-37-300x200.jpg 300w, https:\/\/www.koelnisches-stadtmuseum.de\/wp-content\/uploads\/2022\/09\/2022-08-30-ConstantinEhrchen-KSM-Hoehner-37-768x513.jpg 768w, https:\/\/www.koelnisches-stadtmuseum.de\/wp-content\/uploads\/2022\/09\/2022-08-30-ConstantinEhrchen-KSM-Hoehner-37-1536x1025.jpg 1536w, https:\/\/www.koelnisches-stadtmuseum.de\/wp-content\/uploads\/2022\/09\/2022-08-30-ConstantinEhrchen-KSM-Hoehner-37-600x400.jpg 600w, https:\/\/www.koelnisches-stadtmuseum.de\/wp-content\/uploads\/2022\/09\/2022-08-30-ConstantinEhrchen-KSM-Hoehner-37.jpg 2000w\" sizes=\"(max-width: 1024px) 100vw, 1024px\" \/><figcaption class=\"wp-element-caption\"><sup>Henning Krautmacher mit Gitarrist Jens Streifling und Drummer Heiko Braun (v.r.) <\/sup><\/figcaption><\/figure>\n\n\n\n<p>Nicht zuletzt der Sorgfalt der beiden Ur-H\u00f6hner Peter Werner und Janus Fr\u00f6hlich ist es zu verdanken, dass es noch so viele Erinnerungsst\u00fccke selbst aus der Anfangszeit der Band gibt. \u201eSogar eines der ersten B\u00fchnenkost\u00fcme von 1972\u201c, begeistert sich Henning Krautmacher. \u201eDaf\u00fcr haben unsere Frauen in stundenlanger Arbeit H\u00fchnerfedern mit Tesafilm auf Stoff geklebt\u201c, schmunzelt das H\u00f6hner-Gr\u00fcndungsmitglied Werner. \u201eUnd ich sag es ganz ehrlich, da hat man furchtbar drin geschwitzt. Das Kost\u00fcm musste immer wieder rausgeh\u00e4ngt und zumindest gel\u00fcftet werden \u2013 und dann mussten wir am n\u00e4chsten Tag wieder rein \u2026\u201c<\/p>\n\n\n\n<figure class=\"wp-block-image aligncenter size-large is-resized is-style-default\"><img decoding=\"async\" width=\"1024\" height=\"684\" src=\"https:\/\/www.koelnisches-stadtmuseum.de\/wp-content\/uploads\/2022\/09\/2022-08-30-ConstantinEhrchen-KSM-Hoehner-35-1024x684.jpg\" alt=\"Das Foto zeigt die Ur-H\u00f6hner Peter Werner und Janus Fr\u00f6hlich mit dem ersten H\u00f6hner-Kost\u00fcm in der Ausstellung. \" class=\"wp-image-7126\" style=\"width:768px;height:513px\" srcset=\"https:\/\/www.koelnisches-stadtmuseum.de\/wp-content\/uploads\/2022\/09\/2022-08-30-ConstantinEhrchen-KSM-Hoehner-35-1024x684.jpg 1024w, https:\/\/www.koelnisches-stadtmuseum.de\/wp-content\/uploads\/2022\/09\/2022-08-30-ConstantinEhrchen-KSM-Hoehner-35-300x200.jpg 300w, https:\/\/www.koelnisches-stadtmuseum.de\/wp-content\/uploads\/2022\/09\/2022-08-30-ConstantinEhrchen-KSM-Hoehner-35-768x513.jpg 768w, https:\/\/www.koelnisches-stadtmuseum.de\/wp-content\/uploads\/2022\/09\/2022-08-30-ConstantinEhrchen-KSM-Hoehner-35-1536x1025.jpg 1536w, https:\/\/www.koelnisches-stadtmuseum.de\/wp-content\/uploads\/2022\/09\/2022-08-30-ConstantinEhrchen-KSM-Hoehner-35-600x400.jpg 600w, https:\/\/www.koelnisches-stadtmuseum.de\/wp-content\/uploads\/2022\/09\/2022-08-30-ConstantinEhrchen-KSM-Hoehner-35.jpg 2000w\" sizes=\"(max-width: 1024px) 100vw, 1024px\" \/><figcaption class=\"wp-element-caption\"><sup>Ur-H\u00f6hner Peter Werner und Janus Fr\u00f6hlich in der Ausstellung <\/sup><\/figcaption><\/figure>\n\n\n\n<p>Auch f\u00fcr Kuratorin Johanna Cremer war es ein ganz besonderes Projekt: \u201eIch habe mich sehr gefreut, diese Ausstellung kuratieren zu d\u00fcrfen. Wenn man auf die Bandgeschichte zur\u00fcckblickt, sind das nicht nur 50 Jahre spannende Bandgeschichte, sondern v.a. auch 50 Jahre Lieder zum Mitsingen und Mitschunkeln. Die Objekte, die wir hier zeigen, sind alle aus dem Privatbesitz der Band. Das macht diese Ausstellung so einzigartig.\u201c Und: \u201eDie H\u00f6hner sind sozial unglaublich aktiv, sei es beispielsweise bei der AG Arsch huh oder im Rahmen der Obdachlosen-Hilfe. Und sie sind \u00fcberall auf der Welt Kulturbotschafter des k\u00f6lschen Lebensgef\u00fchls. Welche Band kann von sich schon sagen, dass sie auf der Chinesischen Mauer gespielt hat? &#8216;Viva Colonia&#8217; ist bis heute in acht Sprachen \u00fcbersetzt worden!\u201c &nbsp;<\/p>\n\n\n\n<figure class=\"wp-block-image alignright size-large is-resized is-style-blog-img-right-align\"><img decoding=\"async\" width=\"1024\" height=\"684\" src=\"https:\/\/www.koelnisches-stadtmuseum.de\/wp-content\/uploads\/2022\/09\/2022-08-30-ConstantinEhrchen-KSM-Hoehner-53-1024x684.jpg\" alt=\"Kuratorin Johanna Cremer und die stellvertretende Direktorin Silvia R\u00fcckert in der Ausstellung\" class=\"wp-image-7129\" style=\"width:768px;height:513px\" srcset=\"https:\/\/www.koelnisches-stadtmuseum.de\/wp-content\/uploads\/2022\/09\/2022-08-30-ConstantinEhrchen-KSM-Hoehner-53-1024x684.jpg 1024w, https:\/\/www.koelnisches-stadtmuseum.de\/wp-content\/uploads\/2022\/09\/2022-08-30-ConstantinEhrchen-KSM-Hoehner-53-300x200.jpg 300w, https:\/\/www.koelnisches-stadtmuseum.de\/wp-content\/uploads\/2022\/09\/2022-08-30-ConstantinEhrchen-KSM-Hoehner-53-768x513.jpg 768w, https:\/\/www.koelnisches-stadtmuseum.de\/wp-content\/uploads\/2022\/09\/2022-08-30-ConstantinEhrchen-KSM-Hoehner-53-1536x1025.jpg 1536w, https:\/\/www.koelnisches-stadtmuseum.de\/wp-content\/uploads\/2022\/09\/2022-08-30-ConstantinEhrchen-KSM-Hoehner-53-600x400.jpg 600w, https:\/\/www.koelnisches-stadtmuseum.de\/wp-content\/uploads\/2022\/09\/2022-08-30-ConstantinEhrchen-KSM-Hoehner-53.jpg 2000w\" sizes=\"(max-width: 1024px) 100vw, 1024px\" \/><figcaption class=\"wp-element-caption\"><sup>Kuratorin Johanna Cremer mit der stellvertretenden Direktorin Silvia R\u00fcckert in der Ausstellung <\/sup><\/figcaption><\/figure>\n\n\n\n<p>\u201eEs ist eine gro\u00dfartige Ehre, f\u00fcr 50 Jahre Bandgeschichte geehrt zu werden\u201c, res\u00fcmiert Henning Krautmacher. \u201e50 Jahre ist aber auch wirklich etwas Besonderes. Wir sind nicht nur dankbar, sondern auch ein bisschen stolz\u201c.<br><\/p>\n\n\n\n<div class=\"wp-block-columns is-layout-flex wp-container-core-columns-is-layout-28f84493 wp-block-columns-is-layout-flex\">\n<div class=\"wp-block-column is-layout-flow wp-block-column-is-layout-flow\">\n<p>Die Ausstellung 50 JAHRE H\u00d6HNER ist noch bis zum 12. Februar 2023 im Maritim Hotel K\u00f6ln zu sehen. Der Eintritt ist frei.<\/p>\n<\/div>\n<\/div>\n\n\n\n<div class=\"wp-block-buttons is-layout-flex wp-block-buttons-is-layout-flex\">\n<div class=\"wp-block-button is-style-ksm-button\"><a class=\"wp-block-button__link wp-element-button\" href=\"https:\/\/www.koelnisches-stadtmuseum.de\/entdecken\/50-jahre-hoehner\/\" target=\"_blank\" rel=\"noreferrer noopener\">50 JAHRE H\u00d6HNER<\/a><\/div>\n<\/div>\n\n\n\n<p><br><br><strong>Hier f\u00fcr Sie noch einige Bildeindr\u00fccke der Pressekonferenz und der Er\u00f6ffnung der Ausstellung<\/strong>:<\/p>\n\n\n\n<div class=\"wp-block-group is-layout-flow wp-block-group-is-layout-flow\">\n<figure class=\"wp-block-gallery has-nested-images columns-default is-cropped wp-block-gallery-1 is-layout-flex wp-block-gallery-is-layout-flex\">\n<figure class=\"wp-block-image size-large\"><img decoding=\"async\" width=\"2000\" height=\"1335\" data-id=\"7132\" src=\"https:\/\/www.koelnisches-stadtmuseum.de\/wp-content\/uploads\/2022\/09\/2022-08-30-ConstantinEhrchen-KSM-Hoehner-40.jpg\" alt=\"\" class=\"wp-image-7132\" srcset=\"https:\/\/www.koelnisches-stadtmuseum.de\/wp-content\/uploads\/2022\/09\/2022-08-30-ConstantinEhrchen-KSM-Hoehner-40.jpg 2000w, https:\/\/www.koelnisches-stadtmuseum.de\/wp-content\/uploads\/2022\/09\/2022-08-30-ConstantinEhrchen-KSM-Hoehner-40-300x200.jpg 300w, https:\/\/www.koelnisches-stadtmuseum.de\/wp-content\/uploads\/2022\/09\/2022-08-30-ConstantinEhrchen-KSM-Hoehner-40-1024x684.jpg 1024w, https:\/\/www.koelnisches-stadtmuseum.de\/wp-content\/uploads\/2022\/09\/2022-08-30-ConstantinEhrchen-KSM-Hoehner-40-768x513.jpg 768w, https:\/\/www.koelnisches-stadtmuseum.de\/wp-content\/uploads\/2022\/09\/2022-08-30-ConstantinEhrchen-KSM-Hoehner-40-1536x1025.jpg 1536w, https:\/\/www.koelnisches-stadtmuseum.de\/wp-content\/uploads\/2022\/09\/2022-08-30-ConstantinEhrchen-KSM-Hoehner-40-600x400.jpg 600w\" sizes=\"(max-width: 2000px) 100vw, 2000px\" \/><figcaption class=\"wp-element-caption\">Henning Krautmacher in der Ausstellung <\/figcaption><\/figure>\n\n\n\n<figure class=\"wp-block-image size-large\"><img decoding=\"async\" width=\"2000\" height=\"1335\" data-id=\"7146\" src=\"https:\/\/www.koelnisches-stadtmuseum.de\/wp-content\/uploads\/2022\/09\/2022-08-30-ConstantinEhrchen-KSM-Hoehner-48.jpg\" alt=\"Die H\u00f6hner im H\u00f6hner-Soundstudio\" class=\"wp-image-7146\" srcset=\"https:\/\/www.koelnisches-stadtmuseum.de\/wp-content\/uploads\/2022\/09\/2022-08-30-ConstantinEhrchen-KSM-Hoehner-48.jpg 2000w, https:\/\/www.koelnisches-stadtmuseum.de\/wp-content\/uploads\/2022\/09\/2022-08-30-ConstantinEhrchen-KSM-Hoehner-48-300x200.jpg 300w, https:\/\/www.koelnisches-stadtmuseum.de\/wp-content\/uploads\/2022\/09\/2022-08-30-ConstantinEhrchen-KSM-Hoehner-48-1024x684.jpg 1024w, https:\/\/www.koelnisches-stadtmuseum.de\/wp-content\/uploads\/2022\/09\/2022-08-30-ConstantinEhrchen-KSM-Hoehner-48-768x513.jpg 768w, https:\/\/www.koelnisches-stadtmuseum.de\/wp-content\/uploads\/2022\/09\/2022-08-30-ConstantinEhrchen-KSM-Hoehner-48-1536x1025.jpg 1536w, https:\/\/www.koelnisches-stadtmuseum.de\/wp-content\/uploads\/2022\/09\/2022-08-30-ConstantinEhrchen-KSM-Hoehner-48-600x400.jpg 600w\" sizes=\"(max-width: 2000px) 100vw, 2000px\" \/><figcaption class=\"wp-element-caption\">Die Band testet das H\u00f6hner-Soundstudio im Maritim, das regelm\u00e4\u00dfig f\u00fcr Besucher*innen ge\u00f6ffnet ist. <\/figcaption><\/figure>\n\n\n\n<figure class=\"wp-block-image size-large\"><img decoding=\"async\" width=\"2000\" height=\"1333\" data-id=\"7149\" src=\"https:\/\/www.koelnisches-stadtmuseum.de\/wp-content\/uploads\/2022\/09\/2022-08-30-ConstantinEhrchen-KSM-Hoehner-26.jpg\" alt=\"\" class=\"wp-image-7149\" srcset=\"https:\/\/www.koelnisches-stadtmuseum.de\/wp-content\/uploads\/2022\/09\/2022-08-30-ConstantinEhrchen-KSM-Hoehner-26.jpg 2000w, https:\/\/www.koelnisches-stadtmuseum.de\/wp-content\/uploads\/2022\/09\/2022-08-30-ConstantinEhrchen-KSM-Hoehner-26-300x200.jpg 300w, https:\/\/www.koelnisches-stadtmuseum.de\/wp-content\/uploads\/2022\/09\/2022-08-30-ConstantinEhrchen-KSM-Hoehner-26-1024x682.jpg 1024w, https:\/\/www.koelnisches-stadtmuseum.de\/wp-content\/uploads\/2022\/09\/2022-08-30-ConstantinEhrchen-KSM-Hoehner-26-768x512.jpg 768w, https:\/\/www.koelnisches-stadtmuseum.de\/wp-content\/uploads\/2022\/09\/2022-08-30-ConstantinEhrchen-KSM-Hoehner-26-1536x1024.jpg 1536w, https:\/\/www.koelnisches-stadtmuseum.de\/wp-content\/uploads\/2022\/09\/2022-08-30-ConstantinEhrchen-KSM-Hoehner-26-600x400.jpg 600w\" sizes=\"(max-width: 2000px) 100vw, 2000px\" \/><figcaption class=\"wp-element-caption\">Gut gelaunte H\u00f6hner bei der Pressekonferenz <\/figcaption><\/figure>\n\n\n\n<figure class=\"wp-block-image size-large\"><img decoding=\"async\" width=\"1500\" height=\"1001\" data-id=\"7158\" src=\"https:\/\/www.koelnisches-stadtmuseum.de\/wp-content\/uploads\/2022\/09\/2022-08-30-ConstantinEhrchen-Hoehner-64.jpg\" alt=\"\" class=\"wp-image-7158\" srcset=\"https:\/\/www.koelnisches-stadtmuseum.de\/wp-content\/uploads\/2022\/09\/2022-08-30-ConstantinEhrchen-Hoehner-64.jpg 1500w, https:\/\/www.koelnisches-stadtmuseum.de\/wp-content\/uploads\/2022\/09\/2022-08-30-ConstantinEhrchen-Hoehner-64-300x200.jpg 300w, https:\/\/www.koelnisches-stadtmuseum.de\/wp-content\/uploads\/2022\/09\/2022-08-30-ConstantinEhrchen-Hoehner-64-1024x683.jpg 1024w, https:\/\/www.koelnisches-stadtmuseum.de\/wp-content\/uploads\/2022\/09\/2022-08-30-ConstantinEhrchen-Hoehner-64-768x513.jpg 768w, https:\/\/www.koelnisches-stadtmuseum.de\/wp-content\/uploads\/2022\/09\/2022-08-30-ConstantinEhrchen-Hoehner-64-600x400.jpg 600w, https:\/\/www.koelnisches-stadtmuseum.de\/wp-content\/uploads\/2022\/09\/2022-08-30-ConstantinEhrchen-Hoehner-64-388x259.jpg 388w\" sizes=\"(max-width: 1500px) 100vw, 1500px\" \/><figcaption class=\"wp-element-caption\">Die stellvertretende Direktorin Silvia R\u00fcckert (m.) mit den Sponsoren der Ausstellung: Bernhard Conin (\u201eFreunde und F\u00f6rderer des K\u00f6lnischen Brauchtums\u201c), H.W. Turadj Zarinfar<strong> <\/strong>(\u201eFreunde des K\u00f6lnischen Stadtmuseums e.V.\u201c), Christian Brand u. Kirsten Felgner (K\u00f6lner Kulturstiftung der Kreissparkasse K\u00f6ln)&nbsp;<\/figcaption><\/figure>\n\n\n\n<figure class=\"wp-block-image size-large\"><img decoding=\"async\" width=\"1500\" height=\"1001\" data-id=\"7152\" src=\"https:\/\/www.koelnisches-stadtmuseum.de\/wp-content\/uploads\/2022\/09\/2022-08-30-ConstantinEhrchen-Hoehner-59.jpg\" alt=\"\" class=\"wp-image-7152\" srcset=\"https:\/\/www.koelnisches-stadtmuseum.de\/wp-content\/uploads\/2022\/09\/2022-08-30-ConstantinEhrchen-Hoehner-59.jpg 1500w, https:\/\/www.koelnisches-stadtmuseum.de\/wp-content\/uploads\/2022\/09\/2022-08-30-ConstantinEhrchen-Hoehner-59-300x200.jpg 300w, https:\/\/www.koelnisches-stadtmuseum.de\/wp-content\/uploads\/2022\/09\/2022-08-30-ConstantinEhrchen-Hoehner-59-1024x683.jpg 1024w, https:\/\/www.koelnisches-stadtmuseum.de\/wp-content\/uploads\/2022\/09\/2022-08-30-ConstantinEhrchen-Hoehner-59-768x513.jpg 768w, https:\/\/www.koelnisches-stadtmuseum.de\/wp-content\/uploads\/2022\/09\/2022-08-30-ConstantinEhrchen-Hoehner-59-600x400.jpg 600w, https:\/\/www.koelnisches-stadtmuseum.de\/wp-content\/uploads\/2022\/09\/2022-08-30-ConstantinEhrchen-Hoehner-59-388x259.jpg 388w\" sizes=\"(max-width: 1500px) 100vw, 1500px\" \/><figcaption class=\"wp-element-caption\">Oberb\u00fcrgermeisterin Henriette Reker beim Ausstellungsrundgang mit Ur-Hohn Peter Werner <\/figcaption><\/figure>\n<\/figure>\n<\/div>\n\n\n\n<p class=\"has-text-align-right\"><sup>Alle Bilder: \u00a9 C. Ehrchen<\/sup><\/p>\n\n\n\n<figure class=\"wp-block-image aligncenter size-large is-resized\"><img decoding=\"async\" width=\"768\" height=\"1024\" src=\"https:\/\/www.koelnisches-stadtmuseum.de\/wp-content\/uploads\/2022\/09\/2022-08-30-ConstantinEhrchen-Hoehner-77-768x1024.jpg\" alt=\"\" class=\"wp-image-7155\" style=\"width:384px;height:512px\" srcset=\"https:\/\/www.koelnisches-stadtmuseum.de\/wp-content\/uploads\/2022\/09\/2022-08-30-ConstantinEhrchen-Hoehner-77-768x1024.jpg 768w, https:\/\/www.koelnisches-stadtmuseum.de\/wp-content\/uploads\/2022\/09\/2022-08-30-ConstantinEhrchen-Hoehner-77-225x300.jpg 225w, https:\/\/www.koelnisches-stadtmuseum.de\/wp-content\/uploads\/2022\/09\/2022-08-30-ConstantinEhrchen-Hoehner-77-300x400.jpg 300w, https:\/\/www.koelnisches-stadtmuseum.de\/wp-content\/uploads\/2022\/09\/2022-08-30-ConstantinEhrchen-Hoehner-77-388x517.jpg 388w, https:\/\/www.koelnisches-stadtmuseum.de\/wp-content\/uploads\/2022\/09\/2022-08-30-ConstantinEhrchen-Hoehner-77.jpg 1125w\" sizes=\"(max-width: 768px) 100vw, 768px\" \/><figcaption class=\"wp-element-caption\"><sup>Henning Krautmacher und unsere Marketing-Beauftragte Dr. Wibke Becker im <\/sup><sup>\u201eService-Einsatz&#8221; w\u00e4hrend der Er\u00f6ffnungsfeier<\/sup>  <\/figcaption><\/figure>\n","protected":false},"excerpt":{"rendered":"<p>Wie bereitet man eine Ausstellung gemeinsam mit einer der bekanntesten K\u00f6lner Bands vor? Ein Blick hinter die Kulissen von 50 JAHRE H\u00d6HNER<\/p>\n","protected":false},"author":5,"featured_media":13077,"comment_status":"closed","ping_status":"closed","sticky":false,"template":"","format":"standard","meta":{"_acf_changed":false,"footnotes":""},"categories":[85],"tags":[],"class_list":["post-7112","post","type-post","status-publish","format-standard","has-post-thumbnail","hentry","category-koeln-stories","wpbf-post"],"acf":[],"_links":{"self":[{"href":"https:\/\/www.koelnisches-stadtmuseum.de\/en\/wp-json\/wp\/v2\/posts\/7112","targetHints":{"allow":["GET"]}}],"collection":[{"href":"https:\/\/www.koelnisches-stadtmuseum.de\/en\/wp-json\/wp\/v2\/posts"}],"about":[{"href":"https:\/\/www.koelnisches-stadtmuseum.de\/en\/wp-json\/wp\/v2\/types\/post"}],"author":[{"embeddable":true,"href":"https:\/\/www.koelnisches-stadtmuseum.de\/en\/wp-json\/wp\/v2\/users\/5"}],"replies":[{"embeddable":true,"href":"https:\/\/www.koelnisches-stadtmuseum.de\/en\/wp-json\/wp\/v2\/comments?post=7112"}],"version-history":[{"count":37,"href":"https:\/\/www.koelnisches-stadtmuseum.de\/en\/wp-json\/wp\/v2\/posts\/7112\/revisions"}],"predecessor-version":[{"id":11670,"href":"https:\/\/www.koelnisches-stadtmuseum.de\/en\/wp-json\/wp\/v2\/posts\/7112\/revisions\/11670"}],"wp:featuredmedia":[{"embeddable":true,"href":"https:\/\/www.koelnisches-stadtmuseum.de\/en\/wp-json\/wp\/v2\/media\/13077"}],"wp:attachment":[{"href":"https:\/\/www.koelnisches-stadtmuseum.de\/en\/wp-json\/wp\/v2\/media?parent=7112"}],"wp:term":[{"taxonomy":"category","embeddable":true,"href":"https:\/\/www.koelnisches-stadtmuseum.de\/en\/wp-json\/wp\/v2\/categories?post=7112"},{"taxonomy":"post_tag","embeddable":true,"href":"https:\/\/www.koelnisches-stadtmuseum.de\/en\/wp-json\/wp\/v2\/tags?post=7112"}],"curies":[{"name":"wp","href":"https:\/\/api.w.org\/{rel}","templated":true}]}}