{"id":11158,"date":"2024-01-22T16:16:40","date_gmt":"2024-01-22T15:16:40","guid":{"rendered":"https:\/\/www.koelnisches-stadtmuseum.de\/?p=11158"},"modified":"2024-03-19T22:25:22","modified_gmt":"2024-03-19T21:25:22","slug":"koelle-du-bes-e-jefoehl-woran-glauben-wir","status":"publish","type":"post","link":"https:\/\/www.koelnisches-stadtmuseum.de\/en\/koelle-du-bes-e-jefoehl-woran-glauben-wir\/","title":{"rendered":"K\u00f6lle, du bes e Jef\u00f6hl: Woran glauben wir?"},"content":{"rendered":"\n<p><strong>Der Glaube versetzt Berge! Dieses alte Sprichwort trifft f\u00fcr K\u00f6ln mitten ins Herz. Denn die Menschen hier haben immer intensiv an ihre Stadt und die Kirche geglaubt.<\/strong><\/p>\n\n\n\n<p><strong>F\u00fcr ihren Glauben bauen sie eindrucksvolle Kirchengeb\u00e4ude, Meisterwerke der Superlative. Doch die K\u00f6lner*innen glauben an noch viel mehr: An Geld, Macht und nat\u00fcrlich an ihre Vereine. Ob Fu\u00dfball oder Eishockey. Der Glaube an die Meisterschaft bleibt unersch\u00fctterlich \u2013 in welcher Liga auch immer.<\/strong><\/p>\n\n\n\n<p><strong>Mehr dazu erfahrt ihr ab dem 23. M\u00e4rz 2024 in unserer neuen Dauerausstellung!<\/strong><\/p>\n\n\n\n<p>K\u00f6ln ist eine urspr\u00fcnglich katholisch gepr\u00e4gte Stadt. Nicht umsonst wird sie im Mittelalter auch das \u201ehillije K\u00f6lle\u201c genannt. Kein Wunder! Der erste Blick auf die Stadt mit ihren Mauern, H\u00e4usern und Kirchenbauten aus Stein muss f\u00fcr alle Reisenden ein imposanter Eindruck gewesen sein. Sie sehen inmitten l\u00e4ndlicher Idylle pl\u00f6tzlich eine Skyline voller Kircht\u00fcrme.<\/p>\n\n\n\n<p>Mittendrin thront der noch lange unfertige Dom. Drumherum ragen zw\u00f6lf majest\u00e4tische Gottesh\u00e4user in den Himmel. Die romanischen Kirchen sind seit ihrem Bestehen magische Anziehungspunkte der Christenwelt und jede f\u00fcr sich ein architektonisches Kleinod. Umgeben sind sie von gef\u00fchlt Hunderten kleinerer Gottesh\u00e4user und Kl\u00f6ster. Der Gott der K\u00f6lner*innen \u201espricht\u201c damals allerdings nur r\u00f6misch-katholisch.<\/p>\n\n\n\n<p>Was auch sonst?<em> <\/em>Obwohl die B\u00fcrger*innen mit ihren machtvollen und herrschs\u00fcchtigen Erzbisch\u00f6fen immer wieder hadern<em>, <\/em>glauben siean die vielen Legenden und Heiligengeschichten ihrer Kirche. Die dramatische Legende der Heiligen Ursula und ihren 11.000 Jungfrauen schafft es sogar mit 11 Flammen symbolisch ins K\u00f6lner Stadtwappen. Und der Glaube an die Macht der Gebeine der Heiligen Drei K\u00f6nige ist so gro\u00df, dass der gr\u00f6\u00dftm\u00f6gliche Showroom f\u00fcr sie gebaut wird \u2013 der K\u00f6lner Dom.<\/p>\n\n\n\n<figure class=\"wp-block-image aligncenter size-large is-resized is-style-default\"><img decoding=\"async\" width=\"1024\" height=\"683\" src=\"https:\/\/www.koelnisches-stadtmuseum.de\/wp-content\/uploads\/2024\/01\/ksm-beitrag-glaube-dom-1024x683.jpg\" alt=\"Ein Gem\u00e4lde des K\u00f6lner Doms.\" class=\"wp-image-11584\" style=\"width:800px\" srcset=\"https:\/\/www.koelnisches-stadtmuseum.de\/wp-content\/uploads\/2024\/01\/ksm-beitrag-glaube-dom-1024x683.jpg 1024w, https:\/\/www.koelnisches-stadtmuseum.de\/wp-content\/uploads\/2024\/01\/ksm-beitrag-glaube-dom-300x200.jpg 300w, https:\/\/www.koelnisches-stadtmuseum.de\/wp-content\/uploads\/2024\/01\/ksm-beitrag-glaube-dom-768x512.jpg 768w, https:\/\/www.koelnisches-stadtmuseum.de\/wp-content\/uploads\/2024\/01\/ksm-beitrag-glaube-dom-600x400.jpg 600w, https:\/\/www.koelnisches-stadtmuseum.de\/wp-content\/uploads\/2024\/01\/ksm-beitrag-glaube-dom-487x325.jpg 487w, https:\/\/www.koelnisches-stadtmuseum.de\/wp-content\/uploads\/2024\/01\/ksm-beitrag-glaube-dom-620x414.jpg 620w, https:\/\/www.koelnisches-stadtmuseum.de\/wp-content\/uploads\/2024\/01\/ksm-beitrag-glaube-dom.jpg 1100w\" sizes=\"(max-width: 1024px) 100vw, 1024px\" \/><figcaption class=\"wp-element-caption\">K\u00f6lner Dom in antizipierter Vollendung, C. G. Hasenpflug (K\u00f6ln 1834\/36, KSM, Foto: RBA)<\/figcaption><\/figure>\n\n\n\n<h2 class=\"wp-block-heading\">KATHOLIKEN VERLIEREN MACHT<\/h2>\n\n\n\n<p>Die Katholiken (be)herrschen die Stadt. So haben es die ersten Protestanten ab dem 16. Jahrhundert in K\u00f6ln nicht einfach. Anfangs d\u00fcrfen sie hier ihren Glauben nicht innerhalb der Stadtmauern ausleben und werden sogar als \u201eAbtr\u00fcnnige\u201c heftig bek\u00e4mpft.<\/p>\n\n\n\n<p>Nach vielen kleineren Glaubens-\u201eQuerelen\u201c folgt im 19. Jahrhundert mit der franz\u00f6sischen Besatzung das erste richtige Desaster f\u00fcr die katholischen Macht. Die Franzosen enteignen viele Kirchen sowie Kl\u00f6ster und schr\u00e4nken die Machtbefugnisse der bisherigen Kirchenf\u00fcrsten m\u00e4chtig ein. Auch wenn die Kirche an Einfluss verliert und Soldaten den noch unfertigen Dom als Pferdestall \u201emissbrauchen\u201c, der Glaube der meisten Menschen an Gott bleibt ungebrochen.<\/p>\n\n\n\n<figure class=\"wp-block-image aligncenter size-full is-resized is-style-default\"><img decoding=\"async\" width=\"1024\" height=\"683\" src=\"https:\/\/www.koelnisches-stadtmuseum.de\/wp-content\/uploads\/2024\/01\/ksm-beitrag-glaube-4-.jpg\" alt=\"Ein alter Grabstein mit j\u00fcdischer Inschrift.\" class=\"wp-image-13216\" style=\"width:800px\" srcset=\"https:\/\/www.koelnisches-stadtmuseum.de\/wp-content\/uploads\/2024\/01\/ksm-beitrag-glaube-4-.jpg 1024w, https:\/\/www.koelnisches-stadtmuseum.de\/wp-content\/uploads\/2024\/01\/ksm-beitrag-glaube-4--300x200.jpg 300w, https:\/\/www.koelnisches-stadtmuseum.de\/wp-content\/uploads\/2024\/01\/ksm-beitrag-glaube-4--768x512.jpg 768w, https:\/\/www.koelnisches-stadtmuseum.de\/wp-content\/uploads\/2024\/01\/ksm-beitrag-glaube-4--600x400.jpg 600w, https:\/\/www.koelnisches-stadtmuseum.de\/wp-content\/uploads\/2024\/01\/ksm-beitrag-glaube-4--487x325.jpg 487w, https:\/\/www.koelnisches-stadtmuseum.de\/wp-content\/uploads\/2024\/01\/ksm-beitrag-glaube-4--620x414.jpg 620w\" sizes=\"(max-width: 1024px) 100vw, 1024px\" \/><figcaption class=\"wp-element-caption\">Grabstein der Rachel, K\u00f6ln 1323. 1953 wird er bei Grabungen im Rathaus-Bezirk gefunden (KSM, Foto: RBA)<\/figcaption><\/figure>\n\n\n\n<h2 class=\"wp-block-heading\">J\u00dcDISCHE GEMEINDE MITTENDRIN<\/h2>\n\n\n\n<p>Mitten in dieser so christlich gepr\u00e4gten Stadt kann im Jahr 321 eine j\u00fcdische Gemeinde entstehen, sich durchsetzen und (vorerst) \u00fcberleben. Was f\u00fcr eine Kraft: Die j\u00fcdische Gemeinde ist nachweislich die \u00e4lteste in Deutschland. Der j\u00fcdische Glaube wird in K\u00f6ln geduldet und \u00fcber viele Jahrzehnte friedlich gelebt.<\/p>\n\n\n\n<p>Doch das friedliche Miteinander f\u00e4llt auch in K\u00f6ln judenfeindlichen Verschw\u00f6rungserz\u00e4hlungen zum Opfer, die immer wieder zu Gewaltaktionen gegen die j\u00fcdischen B\u00fcrger*innen f\u00fchren. Nach zahlreichen Pogromen folgt 1423 sogar die Ausweisung der Gemeinde aus K\u00f6ln.<\/p>\n\n\n\n<p>Nach 1798 darf die j\u00fcdische Gemeinde wieder innerhalb der Stadt ihren Glauben leben. Diese neue Bl\u00fcte des toleranten und friedlichen religi\u00f6sen Miteinanders endet erst wieder mit dem Nazi-Regime im vergangenen Jahrhundert. Die meisten j\u00fcdischen Mitbewohner*innen werden vertrieben, verschleppt und ermordet. Ein Menschheitsverbrechen, das bis in die heutige Zeit f\u00fcr schreckliche Folgen sorgt.<\/p>\n\n\n\n<h2 class=\"wp-block-heading\">POLITISCHER \u201eERSATZGOTT\u201c<\/h2>\n\n\n\n<p>An Stelle \u201ehimmlischer G\u00f6tter\u201c tritt damals vor fast 100 Jahren ein sehr irdischer \u201eErsatzgott\u201c mit demagogischen Kr\u00e4ften. Die NS-Ideologie setzt den F\u00fchrerkult an die Stelle des Glaubens. Die staatliche Manipulation reicht weit in die Familien hinein. Das beweisen nicht zuletzt private Foto-Alben, die z.B. den Hitler-Besuch 1938 s\u00e4uberlich dokumentieren.<\/p>\n\n\n\n<figure class=\"wp-block-image aligncenter size-full is-resized is-style-default\"><img decoding=\"async\" width=\"1024\" height=\"683\" src=\"https:\/\/www.koelnisches-stadtmuseum.de\/wp-content\/uploads\/2024\/01\/ksm-beitrag-glaube-2.jpg\" alt=\"Ein altes Fotobuch. Auf derm vergilbten Papier sind auf der rechten Seite zwei kleinere Bilder zu sehen, auf der linken Seite ein gro\u00dfes Bild.\" class=\"wp-image-13219\" style=\"width:800px\" srcset=\"https:\/\/www.koelnisches-stadtmuseum.de\/wp-content\/uploads\/2024\/01\/ksm-beitrag-glaube-2.jpg 1024w, https:\/\/www.koelnisches-stadtmuseum.de\/wp-content\/uploads\/2024\/01\/ksm-beitrag-glaube-2-300x200.jpg 300w, https:\/\/www.koelnisches-stadtmuseum.de\/wp-content\/uploads\/2024\/01\/ksm-beitrag-glaube-2-768x512.jpg 768w, https:\/\/www.koelnisches-stadtmuseum.de\/wp-content\/uploads\/2024\/01\/ksm-beitrag-glaube-2-600x400.jpg 600w, https:\/\/www.koelnisches-stadtmuseum.de\/wp-content\/uploads\/2024\/01\/ksm-beitrag-glaube-2-487x325.jpg 487w, https:\/\/www.koelnisches-stadtmuseum.de\/wp-content\/uploads\/2024\/01\/ksm-beitrag-glaube-2-620x414.jpg 620w\" sizes=\"(max-width: 1024px) 100vw, 1024px\" \/><figcaption class=\"wp-element-caption\">Das Fotoalbum mit der Dokumentation des Hitler-Besuchs zeigt die erfolgreiche Manipulation durch die NS-Ideologie. Hitler wird hier als \u201eSch\u00f6pfer Gro\u00dfdeutschlands\u201c bezeichnet (Familien-Album, K\u00f6ln 1937\/38, NS-Dokumentationszentrum K\u00f6ln, Foto: RBA)<\/figcaption><\/figure>\n\n\n\n<p>Nach dem Zweiten Weltkrieg kehren viele \u00fcberlebende J\u00fcd*innen zur\u00fcck nach K\u00f6ln. Im Jahr 1945 findet hier erstmals wieder ein j\u00fcdischer Gottesdienst statt, und 1959 er\u00f6ffnet die Synagoge in der Roonstra\u00dfe. Es w\u00e4chst ein neues friedliches Miteinander. Die Gr\u00fcndung des J\u00fcdischen Museums MiQua gibt der j\u00fcdischen Geschichte in K\u00f6ln wieder einen festen Ort. Und das genau oberhalb der mittelalterlichen Ruinen und Fundamenten ihrer alten Familienh\u00e4user gleich neben dem historischen Rathaus.<\/p>\n\n\n\n<h2 class=\"wp-block-heading\">MUSLIME IN K\u00d6LN<\/h2>\n\n\n\n<p>Mit dem Wirtschaftsboom in den 1960er-Jahren kommen verst\u00e4rkt Menschen nicht-christlichen Glaubens nach K\u00f6ln \u2013 aus der T\u00fcrkei und anderen L\u00e4ndern der Welt. Heute leben rund 120.000 Muslim*innen in der Stadt. So entstehen nach und nach bis heute 45 Moscheen. Viele liegen unscheinbar \u201eversteckt\u201c in Hinterh\u00f6fen.<\/p>\n\n\n\n<figure class=\"wp-block-image aligncenter size-full is-resized is-style-default\"><img decoding=\"async\" width=\"1024\" height=\"683\" src=\"https:\/\/www.koelnisches-stadtmuseum.de\/wp-content\/uploads\/2024\/01\/ksm-beitrag-glaube-3.jpg\" alt=\"Ein Gebetsteppich in r\u00f6tlichen Farben.\" class=\"wp-image-13222\" style=\"width:800px\" srcset=\"https:\/\/www.koelnisches-stadtmuseum.de\/wp-content\/uploads\/2024\/01\/ksm-beitrag-glaube-3.jpg 1024w, https:\/\/www.koelnisches-stadtmuseum.de\/wp-content\/uploads\/2024\/01\/ksm-beitrag-glaube-3-300x200.jpg 300w, https:\/\/www.koelnisches-stadtmuseum.de\/wp-content\/uploads\/2024\/01\/ksm-beitrag-glaube-3-768x512.jpg 768w, https:\/\/www.koelnisches-stadtmuseum.de\/wp-content\/uploads\/2024\/01\/ksm-beitrag-glaube-3-600x400.jpg 600w, https:\/\/www.koelnisches-stadtmuseum.de\/wp-content\/uploads\/2024\/01\/ksm-beitrag-glaube-3-487x325.jpg 487w, https:\/\/www.koelnisches-stadtmuseum.de\/wp-content\/uploads\/2024\/01\/ksm-beitrag-glaube-3-620x414.jpg 620w\" sizes=\"(max-width: 1024px) 100vw, 1024px\" \/><figcaption class=\"wp-element-caption\">Gebetsteppich einer K\u00f6lner Muslimin. Die auf dem Teppich abgebildete Gebetsnische wird Richtung Mekka ausgerichtet (T\u00fcrkei um 1990, Foto: RBA)<\/figcaption><\/figure>\n\n\n\n<p>Die erste Moschee wird von den Muslim*innen in einem Hof an der Kyffh\u00e4userstra\u00dfe am Barbarossaplatz gegr\u00fcndet. Namensgeber ist ausgerechnet Kaiser Friedrich Barbarossa, der 1189 gegen ihre Vorfahren den Dritten Feldzug f\u00fchrt.<\/p>\n\n\n\n<p>Im Jahr 2016 wird die Barbarossa-Moschee geschlossen. Zwei Jahre sp\u00e4ter folgt die Er\u00f6ffnung der pr\u00e4chtigen neuen Zentralmoschee in Ehrenfeld. Ihr Bau und Betrieb sorgen immer wieder f\u00fcr heftige politische Debatten.<\/p>\n\n\n\n<p>Derweil kehren immer mehr Christ*innen ihren Kirchen den R\u00fccken zu. Mittlerweile haben sie die Mehrheit in K\u00f6ln l\u00e4ngst verloren.<\/p>\n\n\n\n<p>Ende 2019 z\u00e4hlt die Stadt 32,8 Prozent der Einwohner*innen als r\u00f6misch-katholisch und 14,4 Prozent als protestantisch. Die Mehrheit von 52 Prozent h\u00e4ngt einem anderen Glauben an oder bezeichnet sich als atheistisch.<\/p>\n\n\n\n<figure class=\"wp-block-image aligncenter size-full is-resized is-style-default\"><img decoding=\"async\" width=\"1024\" height=\"683\" src=\"https:\/\/www.koelnisches-stadtmuseum.de\/wp-content\/uploads\/2024\/01\/ksm-beitrag-glaube-5.jpg\" alt=\"Eine Fu\u00dfballkutte mit Aufn\u00e4hern des 1. FC K\u00f6lns.\" class=\"wp-image-13225\" style=\"width:800px\" srcset=\"https:\/\/www.koelnisches-stadtmuseum.de\/wp-content\/uploads\/2024\/01\/ksm-beitrag-glaube-5.jpg 1024w, https:\/\/www.koelnisches-stadtmuseum.de\/wp-content\/uploads\/2024\/01\/ksm-beitrag-glaube-5-300x200.jpg 300w, https:\/\/www.koelnisches-stadtmuseum.de\/wp-content\/uploads\/2024\/01\/ksm-beitrag-glaube-5-768x512.jpg 768w, https:\/\/www.koelnisches-stadtmuseum.de\/wp-content\/uploads\/2024\/01\/ksm-beitrag-glaube-5-600x400.jpg 600w, https:\/\/www.koelnisches-stadtmuseum.de\/wp-content\/uploads\/2024\/01\/ksm-beitrag-glaube-5-487x325.jpg 487w, https:\/\/www.koelnisches-stadtmuseum.de\/wp-content\/uploads\/2024\/01\/ksm-beitrag-glaube-5-620x414.jpg 620w\" sizes=\"(max-width: 1024px) 100vw, 1024px\" \/><figcaption class=\"wp-element-caption\">Echte Fans pilgern jede Woche ins Stadion, singen Fanchor\u00e4le und bezeichnen den Platz als \u201eHeiligen Rasen\u201c (\u201eFan-Kutte\u201c des 1. FC K\u00f6ln mit Aufn\u00e4hern, K\u00f6ln um 2010, Privatbesitz<\/figcaption><\/figure>\n\n\n\n<h2 class=\"wp-block-heading\">SPORT UND GELD<\/h2>\n\n\n\n<p>Was die meisten K\u00f6lner*innen ungeachtet ihres religi\u00f6sen Glaubens eint, ist der Sport: Mit Viktoria K\u00f6ln, SC Fortuna K\u00f6ln und dem 1. FC K\u00f6ln lockt neben den vielen Veedels-Vereinen ein sportliches Fu\u00dfball-Top-Trio in die Stadien der Stadt.<\/p>\n\n\n\n<p>F\u00fcr die Fanclubs haben die \u201eG\u00f6tter auf dem Rasen\u201c einen religi\u00f6sen Kultstatus, den sie leider zwischendurch auch mit k\u00f6rperlicher Gewalt durchzusetzen versuchen. Der Sport als \u201eErsatzreligion\u201c mit Fan-Chor\u00e4len und \u201eKutten\u201c ist aus den Stadien nicht mehr wegzudenken, und das gilt nicht nur f\u00fcr den rollenden Ball.<\/p>\n\n\n\n<p>Mit dem Sport wollen gro\u00dfe Vereine heutzutage vor allem auch Geld verdienen. Viel Geld. Der Sport ist so auch zur \u201eGelddruckmaschine\u201c, zur Unterhaltungsware, geworden. Ein neuer Trend mit historischen Wurzeln.<\/p>\n\n\n\n<p>Denn wer Geld hat, hat oft die Macht. Anders gesagt, auch in K\u00f6ln glauben die Menschen an die Macht des Geldes. Schon im Mittelalter besitzt derjenige die Macht, der M\u00fcnzen pr\u00e4gen darf. Das ist im Mittelalter zun\u00e4chst der Erzbischof. Ab 1871 bringt der Staat das Geld in Umlauf.<\/p>\n\n\n\n<p>Und woran glauben die K\u00f6lner*innen sonst noch? Vor allem an sich selber. Ihre Kraft des gemeinsamen Singens hat mittlerweile sogar die gro\u00dfen Arenen erreicht. Was fr\u00fcher inbr\u00fcnstige Gottesdienste schafften, erreichen heute Zehntausende von Kehlen mit K\u00f6lner Liedern, die tief aus den Seelen kommen.<\/p>\n\n\n\n<p>Verantwortlich daf\u00fcr sind unz\u00e4hlige K\u00f6lner Bands, Komponisten und Solisten. Und die greifen ironischerweise auch immer wieder christliche Motive auf, deren Akzeptanz bei den gigantischen Kirchenaustrittszahlen niemand f\u00fcr m\u00f6glich halten w\u00fcrde. Doch das ist K\u00f6ln. Ein sch\u00f6ner Beweis, bei dem alle mitsingen, ist ein \u201eGlaubensbekenntnis\u201c der Band \u201eH\u00f6hner\u201c:<\/p>\n\n\n\n<blockquote class=\"wp-block-quote has-text-align-center is-layout-flow wp-block-quote-is-layout-flow\">\n<p class=\"has-text-align-center\">\u201e<strong><em>Der liebe Gott wei\u00df, dass ich kein Engel bin<br>so`n kleiner Teufel steckt doch in jedem drin<br>Der liebe Gott wei\u00df, dass ich kein Engel bin-<br>das mit dem Himmel, das kriegen wir schon hin!\u201c<\/em><\/strong><\/p>\n<cite>Band H\u00f6hner<\/cite><\/blockquote>\n\n\n\n<p>Autor: Michael Bischoff<\/p>\n","protected":false},"excerpt":{"rendered":"<p>Der Glaube versetzt Berge. Auch in K\u00f6ln. Die Menschen hier glauben intensiv an die unterschiedlichsten Dinge.  Doch an was? Und wie \u00e4ndert sich das? Mehr dazu in unserer neuen Ausstellung!<\/p>\n","protected":false},"author":7,"featured_media":11451,"comment_status":"closed","ping_status":"closed","sticky":false,"template":"","format":"standard","meta":{"_acf_changed":false,"footnotes":""},"categories":[84],"tags":[69,80],"class_list":["post-11158","post","type-post","status-publish","format-standard","has-post-thumbnail","hentry","category-ausstellung-emotionen","tag-kultur","tag-stadtgeschichte","wpbf-post"],"acf":[],"_links":{"self":[{"href":"https:\/\/www.koelnisches-stadtmuseum.de\/en\/wp-json\/wp\/v2\/posts\/11158","targetHints":{"allow":["GET"]}}],"collection":[{"href":"https:\/\/www.koelnisches-stadtmuseum.de\/en\/wp-json\/wp\/v2\/posts"}],"about":[{"href":"https:\/\/www.koelnisches-stadtmuseum.de\/en\/wp-json\/wp\/v2\/types\/post"}],"author":[{"embeddable":true,"href":"https:\/\/www.koelnisches-stadtmuseum.de\/en\/wp-json\/wp\/v2\/users\/7"}],"replies":[{"embeddable":true,"href":"https:\/\/www.koelnisches-stadtmuseum.de\/en\/wp-json\/wp\/v2\/comments?post=11158"}],"version-history":[{"count":28,"href":"https:\/\/www.koelnisches-stadtmuseum.de\/en\/wp-json\/wp\/v2\/posts\/11158\/revisions"}],"predecessor-version":[{"id":13230,"href":"https:\/\/www.koelnisches-stadtmuseum.de\/en\/wp-json\/wp\/v2\/posts\/11158\/revisions\/13230"}],"wp:featuredmedia":[{"embeddable":true,"href":"https:\/\/www.koelnisches-stadtmuseum.de\/en\/wp-json\/wp\/v2\/media\/11451"}],"wp:attachment":[{"href":"https:\/\/www.koelnisches-stadtmuseum.de\/en\/wp-json\/wp\/v2\/media?parent=11158"}],"wp:term":[{"taxonomy":"category","embeddable":true,"href":"https:\/\/www.koelnisches-stadtmuseum.de\/en\/wp-json\/wp\/v2\/categories?post=11158"},{"taxonomy":"post_tag","embeddable":true,"href":"https:\/\/www.koelnisches-stadtmuseum.de\/en\/wp-json\/wp\/v2\/tags?post=11158"}],"curies":[{"name":"wp","href":"https:\/\/api.w.org\/{rel}","templated":true}]}}