{"id":10050,"date":"2023-07-18T13:02:47","date_gmt":"2023-07-18T11:02:47","guid":{"rendered":"https:\/\/www.koelnisches-stadtmuseum.de\/?p=10050"},"modified":"2024-03-19T20:33:41","modified_gmt":"2024-03-19T19:33:41","slug":"unsere-koeln-expertinnen","status":"publish","type":"post","link":"https:\/\/www.koelnisches-stadtmuseum.de\/en\/unsere-koeln-expertinnen\/","title":{"rendered":"Unsere K\u00f6ln-Expert*innen"},"content":{"rendered":"\n<h6 class=\"wp-block-heading\"><strong>\u00bbIhr seid die Expertinnen und Experten f\u00fcr das heutige K\u00f6ln\u00ab \u2013<\/strong> <strong>&nbsp;K\u00f6ln-Expert*innen beteiligen sich an der neuen Dauerausstellung<\/strong><\/h6>\n\n\n\n<p><strong><strong>Die K\u00f6ln-Expert*innen sind eine bunte Gruppe aus 15 Menschen, die zwei Dinge verbindet: Sie wohnen in K\u00f6ln und sie hatten Lust, sich mit eigenen Objekten in die neue Dauerausstellung des K\u00f6lnischen Stadtmuseums einzubringen. Das Museum hat sich an sie gewandt, um die k\u00fcnftige Pr\u00e4sentation zur Stadtgeschichte mit pers\u00f6nlichen Objekten zu bereichern und zwar zu Themen, die K\u00f6lner*innen heutzutage besch\u00e4ftigen.<\/strong><\/strong><\/p>\n\n\n\n<p>\u00bbIhr seid die Expertinnen und Experten f\u00fcr das heutige K\u00f6ln\u00ab, betonen die Kuratoren Sascha Pries und Stefan Lewejohann beim ersten Zusammentreffen. Gemeinsam mit ihren Kolleg*innen vom Museumsdienst, \u0130pek Sirena Krutsch und Dominik Fasel, haben sie das partizipative Projekt \u00bbK\u00f6ln-Expert*innen\u00ab entwickelt. Die Arbeit der Gruppe verlief parallel zur Konzeption der Ausstellung, sodass sich beide Prozesse gegenseitig beeinflussten. Bei der Zusammensetzung der Arbeitsgruppe war es dem Projektteam wichtig, m\u00f6glichst verschiedene Perspektiven zu vereinen. Vor allem aber Stimmen h\u00f6rbar zu machen, die bislang im Museum unterrepr\u00e4sentiert oder noch gar nicht vertreten sind.<\/p>\n\n\n\n<p>Die Gruppe traf sich zu sogenannten \u00bbThemensitzungen\u00ab, in denen die Leitfragen der k\u00fcnftigen Ausstellung diskutiert wurden. Die Expert*innen sammelten dabei ihre Gedanken und fanden ihre ganz pers\u00f6nlichen Antworten. K\u00f6ln-Expertin Monika Wortmann: \u00bbIch hatte erst keine Idee, welcher Gegenstand zu dem Thema passen k\u00f6nnte, aber durch die Arbeit ist mir klar geworden, was es alles beinhalten kann.\u00ab<\/p>\n\n\n\n\n\n\n\n<figure class=\"wp-block-image alignleft size-large is-resized\"><img decoding=\"async\" src=\"https:\/\/www.koelnisches-stadtmuseum.de\/wp-content\/uploads\/2023\/07\/KSM_Lager-2-1024x683.jpg\" alt=\"\" class=\"wp-image-10079\" style=\"width:607px;height:405px\" width=\"607\" height=\"405\" srcset=\"https:\/\/www.koelnisches-stadtmuseum.de\/wp-content\/uploads\/2023\/07\/KSM_Lager-2-1024x683.jpg 1024w, https:\/\/www.koelnisches-stadtmuseum.de\/wp-content\/uploads\/2023\/07\/KSM_Lager-2-300x200.jpg 300w, https:\/\/www.koelnisches-stadtmuseum.de\/wp-content\/uploads\/2023\/07\/KSM_Lager-2-768x513.jpg 768w, https:\/\/www.koelnisches-stadtmuseum.de\/wp-content\/uploads\/2023\/07\/KSM_Lager-2-600x400.jpg 600w, https:\/\/www.koelnisches-stadtmuseum.de\/wp-content\/uploads\/2023\/07\/KSM_Lager-2-487x325.jpg 487w, https:\/\/www.koelnisches-stadtmuseum.de\/wp-content\/uploads\/2023\/07\/KSM_Lager-2-620x414.jpg 620w, https:\/\/www.koelnisches-stadtmuseum.de\/wp-content\/uploads\/2023\/07\/KSM_Lager-2.jpg 1500w\" sizes=\"(max-width: 607px) 100vw, 607px\" \/><figcaption class=\"wp-element-caption\">Die K\u00f6ln-Expert*innen mit Kurator Sascha Pries (3.v.r.) in einem Depot des K\u00f6lnisches Stadtmuseum. <strong>\u00a9<\/strong> C. Ehrchen<\/figcaption><\/figure>\n\n\n\n<p>&nbsp;Daraufhin &nbsp;folgten \u00bbObjektsitzungen\u00ab. Alle K\u00f6ln-Expert*innen waren eingeladen, pers\u00f6nliche Gegenst\u00e4nde mitzubringen, die eine Geschichte zum jeweiligen Thema erz\u00e4hlen. Diese sollen schlie\u00dflich als Museumsobjekt die Erfahrungen ihrer Besitzer*innen vermitteln. <\/p>\n\n\n\n<p>Dabei wurde es nicht selten emotional: Witzige, leidenschaftliche, traurige und r\u00fchrende Geschichten aus der eigenen Vergangenheit oder Gegenwart machten die Runde. Als zum Beispiel Kulla Jossifidis mit den Worten \u00bbOhne Ikone geht bei uns Griechen nichts!\u00ab ihren pers\u00f6nlichen Gegenstand \u2013 eine selbstgefertigte griechisch-orthodoxe Ikone \u2013 vorstellt, l\u00f6st das in der Runde allgemeine Erheiterung aus. \u00bbOb gl\u00e4ubig oder nicht\u00ab, so die 84-J\u00e4hrige, \u00bbeine Ikone h\u00e4ngt immer an der Wand.\u00ab<\/p>\n\n\n\n<p>Aus den Expert*innen ist inzwischen ein Team geworden, das mit Begeisterung an den Themen der k\u00fcnftigen Ausstellung arbeitet. Gespannt warten sie darauf, ihre privaten Gegenst\u00e4nde im Museum und im Kontext der Dauerausstellung wiedersehen zu d\u00fcrfen.<\/p>\n","protected":false},"excerpt":{"rendered":"<p>Was liebt ihr, worauf seid ihr w\u00fctend? K\u00f6lner*innen beteiligen sich an der neuen Dauerausstellung<\/p>\n","protected":false},"author":5,"featured_media":13047,"comment_status":"closed","ping_status":"closed","sticky":false,"template":"","format":"standard","meta":{"_acf_changed":false,"footnotes":""},"categories":[84],"tags":[],"class_list":["post-10050","post","type-post","status-publish","format-standard","has-post-thumbnail","hentry","category-ausstellung-emotionen","wpbf-post"],"acf":[],"_links":{"self":[{"href":"https:\/\/www.koelnisches-stadtmuseum.de\/en\/wp-json\/wp\/v2\/posts\/10050","targetHints":{"allow":["GET"]}}],"collection":[{"href":"https:\/\/www.koelnisches-stadtmuseum.de\/en\/wp-json\/wp\/v2\/posts"}],"about":[{"href":"https:\/\/www.koelnisches-stadtmuseum.de\/en\/wp-json\/wp\/v2\/types\/post"}],"author":[{"embeddable":true,"href":"https:\/\/www.koelnisches-stadtmuseum.de\/en\/wp-json\/wp\/v2\/users\/5"}],"replies":[{"embeddable":true,"href":"https:\/\/www.koelnisches-stadtmuseum.de\/en\/wp-json\/wp\/v2\/comments?post=10050"}],"version-history":[{"count":14,"href":"https:\/\/www.koelnisches-stadtmuseum.de\/en\/wp-json\/wp\/v2\/posts\/10050\/revisions"}],"predecessor-version":[{"id":11914,"href":"https:\/\/www.koelnisches-stadtmuseum.de\/en\/wp-json\/wp\/v2\/posts\/10050\/revisions\/11914"}],"wp:featuredmedia":[{"embeddable":true,"href":"https:\/\/www.koelnisches-stadtmuseum.de\/en\/wp-json\/wp\/v2\/media\/13047"}],"wp:attachment":[{"href":"https:\/\/www.koelnisches-stadtmuseum.de\/en\/wp-json\/wp\/v2\/media?parent=10050"}],"wp:term":[{"taxonomy":"category","embeddable":true,"href":"https:\/\/www.koelnisches-stadtmuseum.de\/en\/wp-json\/wp\/v2\/categories?post=10050"},{"taxonomy":"post_tag","embeddable":true,"href":"https:\/\/www.koelnisches-stadtmuseum.de\/en\/wp-json\/wp\/v2\/tags?post=10050"}],"curies":[{"name":"wp","href":"https:\/\/api.w.org\/{rel}","templated":true}]}}